{"id":4601,"date":"2022-11-29T15:51:03","date_gmt":"2022-11-29T14:51:03","guid":{"rendered":"https:\/\/kreyden.ch\/?p=4601"},"modified":"2023-01-17T09:39:11","modified_gmt":"2023-01-17T08:39:11","slug":"alles-gute-zur-pensionierung","status":"publish","type":"post","link":"https:\/\/kreyden.ch\/en\/alles-gute-zur-pensionierung\/","title":{"rendered":"Alles Gute zur Pensionierung&#8230;"},"content":{"rendered":"\n<p><\/p>\n\n\n\n<div class=\"wp-block-media-text alignwide has-media-on-the-right is-stacked-on-mobile is-vertically-aligned-top\"><div class=\"wp-block-media-text__content\">\n<p>Unsere langj\u00e4hrige MPA, Claire Mauderli, ist in den wohlverdienten Ruhestand. Sie war seit der Praxiser\u00f6ffnung vor 20 Jahren bei uns im Team und hat auch zum Erfolg der Praxisklinik Kreyden beigetragen. Nun kann sie gl\u00fccklich in den&nbsp;Ruhestand&nbsp;gehen und sich all Ihren Interessen widmen. Wir w\u00fcnschen Claire alles Gute und bedanken uns herzlich f\u00fcr die jahrelange, erfolgreiche Zusammenarbeit.<\/p>\n<\/div><figure class=\"wp-block-media-text__media\"><img loading=\"lazy\" decoding=\"async\" width=\"800\" height=\"533\" src=\"https:\/\/kreyden.ch\/wp3\/wp-content\/uploads\/2022\/11\/kreyden-3036-klein-e1669733724261.jpg\" alt=\"\" class=\"wp-image-4602 size-full\" srcset=\"https:\/\/kreyden.ch\/wp3\/wp-content\/uploads\/2022\/11\/kreyden-3036-klein-e1669733724261.jpg 800w, https:\/\/kreyden.ch\/wp3\/wp-content\/uploads\/2022\/11\/kreyden-3036-klein-e1669733724261-650x433.jpg 650w, https:\/\/kreyden.ch\/wp3\/wp-content\/uploads\/2022\/11\/kreyden-3036-klein-e1669733724261-330x220.jpg 330w, https:\/\/kreyden.ch\/wp3\/wp-content\/uploads\/2022\/11\/kreyden-3036-klein-e1669733724261-768x512.jpg 768w\" sizes=\"auto, (max-width: 800px) 100vw, 800px\" \/><\/figure><\/div>\n","protected":false},"excerpt":{"rendered":"<p>Unsere langj\u00e4hrige MPA, Claire Mauderli, ist in den wohlverdienten Ruhestand. Sie war seit der Praxiser\u00f6ffnung vor 20 Jahren bei uns im Team und hat auch zum Erfolg der Praxisklinik Kreyden beigetragen. Nun kann sie gl\u00fccklich in den&nbsp;Ruhestand&nbsp;gehen und sich all Ihren Interessen widmen. Wir w\u00fcnschen Claire alles Gute und bedanken uns herzlich f\u00fcr die jahrelange, [&hellip;]<\/p>\n","protected":false},"author":2,"featured_media":4602,"comment_status":"closed","ping_status":"closed","sticky":false,"template":"","format":"standard","meta":{"_acf_changed":false,"inline_featured_image":false,"footnotes":"","_links_to":"","_links_to_target":""},"categories":[1],"tags":[],"class_list":["post-4601","post","type-post","status-publish","format-standard","has-post-thumbnail","hentry","category-unkategorisiert"],"acf":[],"yoast_head":"<!-- This site is optimized with the Yoast SEO plugin v27.1.1 - https:\/\/yoast.com\/product\/yoast-seo-wordpress\/ -->\n<title>Alles Gute zur Pensionierung... - Praxisklinik Kreyden<\/title>\n<meta name=\"description\" content=\"Unsere langj\u00e4hrige MPA, Claire Mauderli, geht in den wohlverdienten Ruhestand. Praxisklinik Kreyden w\u00fcnscht ihr alles Gute f\u00fcr die Zukunft.\" \/>\n<meta name=\"robots\" content=\"index, follow, max-snippet:-1, max-image-preview:large, max-video-preview:-1\" \/>\n<link rel=\"canonical\" href=\"https:\/\/kreyden.ch\/alles-gute-zur-pensionierung\/\" \/>\n<meta property=\"og:locale\" content=\"en_US\" \/>\n<meta property=\"og:type\" content=\"article\" \/>\n<meta property=\"og:title\" content=\"Alles Gute zur Pensionierung... - Praxisklinik Kreyden\" \/>\n<meta property=\"og:description\" content=\"Unsere langj\u00e4hrige MPA, Claire Mauderli, geht in den wohlverdienten Ruhestand. Praxisklinik Kreyden w\u00fcnscht ihr alles Gute f\u00fcr die Zukunft.\" \/>\n<meta property=\"og:url\" content=\"https:\/\/kreyden.ch\/alles-gute-zur-pensionierung\/\" \/>\n<meta property=\"og:site_name\" content=\"Praxisklinik Kreyden\" \/>\n<meta property=\"article:publisher\" content=\"https:\/\/www.facebook.com\/praxisklinik.kreyden\/\" \/>\n<meta property=\"article:published_time\" content=\"2022-11-29T14:51:03+00:00\" \/>\n<meta property=\"article:modified_time\" content=\"2023-01-17T08:39:11+00:00\" \/>\n<meta property=\"og:image\" content=\"https:\/\/kreyden.ch\/wp3\/wp-content\/uploads\/2022\/11\/kreyden-3036-klein-e1669733724261.jpg\" \/>\n\t<meta property=\"og:image:width\" content=\"800\" \/>\n\t<meta property=\"og:image:height\" content=\"533\" \/>\n\t<meta property=\"og:image:type\" content=\"image\/jpeg\" \/>\n<meta name=\"author\" content=\"admin-kreyden\" \/>\n<meta name=\"twitter:card\" content=\"summary_large_image\" \/>\n<meta name=\"twitter:label1\" content=\"Written by\" \/>\n\t<meta name=\"twitter:data1\" content=\"admin-kreyden\" \/>\n\t<meta name=\"twitter:label2\" content=\"Est. reading time\" \/>\n\t<meta name=\"twitter:data2\" content=\"1 minute\" \/>\n<script type=\"application\/ld+json\" class=\"yoast-schema-graph\">{\"@context\":\"https:\/\/schema.org\",\"@graph\":[{\"@type\":\"Article\",\"@id\":\"https:\/\/kreyden.ch\/alles-gute-zur-pensionierung\/#article\",\"isPartOf\":{\"@id\":\"https:\/\/kreyden.ch\/alles-gute-zur-pensionierung\/\"},\"author\":{\"name\":\"admin-kreyden\",\"@id\":\"https:\/\/kreyden.ch\/#\/schema\/person\/3ab6eb836b4b23b4bf8c72920c72679a\"},\"headline\":\"Alles Gute zur Pensionierung&#8230;\",\"datePublished\":\"2022-11-29T14:51:03+00:00\",\"dateModified\":\"2023-01-17T08:39:11+00:00\",\"mainEntityOfPage\":{\"@id\":\"https:\/\/kreyden.ch\/alles-gute-zur-pensionierung\/\"},\"wordCount\":69,\"publisher\":{\"@id\":\"https:\/\/kreyden.ch\/#organization\"},\"image\":{\"@id\":\"https:\/\/kreyden.ch\/alles-gute-zur-pensionierung\/#primaryimage\"},\"thumbnailUrl\":\"https:\/\/kreyden.ch\/wp3\/wp-content\/uploads\/2022\/11\/kreyden-3036-klein-e1669733724261.jpg\",\"articleSection\":[\"Unkategorisiert\"],\"inLanguage\":\"en-US\"},{\"@type\":\"WebPage\",\"@id\":\"https:\/\/kreyden.ch\/alles-gute-zur-pensionierung\/\",\"url\":\"https:\/\/kreyden.ch\/alles-gute-zur-pensionierung\/\",\"name\":\"Alles Gute zur Pensionierung... - Praxisklinik Kreyden\",\"isPartOf\":{\"@id\":\"https:\/\/kreyden.ch\/#website\"},\"primaryImageOfPage\":{\"@id\":\"https:\/\/kreyden.ch\/alles-gute-zur-pensionierung\/#primaryimage\"},\"image\":{\"@id\":\"https:\/\/kreyden.ch\/alles-gute-zur-pensionierung\/#primaryimage\"},\"thumbnailUrl\":\"https:\/\/kreyden.ch\/wp3\/wp-content\/uploads\/2022\/11\/kreyden-3036-klein-e1669733724261.jpg\",\"datePublished\":\"2022-11-29T14:51:03+00:00\",\"dateModified\":\"2023-01-17T08:39:11+00:00\",\"description\":\"Unsere langj\u00e4hrige MPA, Claire Mauderli, geht in den wohlverdienten Ruhestand. Praxisklinik Kreyden w\u00fcnscht ihr alles Gute f\u00fcr die Zukunft.\",\"breadcrumb\":{\"@id\":\"https:\/\/kreyden.ch\/alles-gute-zur-pensionierung\/#breadcrumb\"},\"inLanguage\":\"en-US\",\"potentialAction\":[{\"@type\":\"ReadAction\",\"target\":[\"https:\/\/kreyden.ch\/alles-gute-zur-pensionierung\/\"]}]},{\"@type\":\"ImageObject\",\"inLanguage\":\"en-US\",\"@id\":\"https:\/\/kreyden.ch\/alles-gute-zur-pensionierung\/#primaryimage\",\"url\":\"https:\/\/kreyden.ch\/wp3\/wp-content\/uploads\/2022\/11\/kreyden-3036-klein-e1669733724261.jpg\",\"contentUrl\":\"https:\/\/kreyden.ch\/wp3\/wp-content\/uploads\/2022\/11\/kreyden-3036-klein-e1669733724261.jpg\",\"width\":800,\"height\":533},{\"@type\":\"BreadcrumbList\",\"@id\":\"https:\/\/kreyden.ch\/alles-gute-zur-pensionierung\/#breadcrumb\",\"itemListElement\":[{\"@type\":\"ListItem\",\"position\":1,\"name\":\"Startseite\",\"item\":\"https:\/\/kreyden.ch\/en\/\"},{\"@type\":\"ListItem\",\"position\":2,\"name\":\"Alles Gute zur Pensionierung&#8230;\"}]},{\"@type\":\"WebSite\",\"@id\":\"https:\/\/kreyden.ch\/#website\",\"url\":\"https:\/\/kreyden.ch\/\",\"name\":\"Praxisklinik Kreyden\",\"description\":\"Dermatologie, Dermatochirurgie, Lasermedizin, \u00c4sthetik\",\"publisher\":{\"@id\":\"https:\/\/kreyden.ch\/#organization\"},\"potentialAction\":[{\"@type\":\"SearchAction\",\"target\":{\"@type\":\"EntryPoint\",\"urlTemplate\":\"https:\/\/kreyden.ch\/?s={search_term_string}\"},\"query-input\":{\"@type\":\"PropertyValueSpecification\",\"valueRequired\":true,\"valueName\":\"search_term_string\"}}],\"inLanguage\":\"en-US\"},{\"@type\":\"Organization\",\"@id\":\"https:\/\/kreyden.ch\/#organization\",\"name\":\"Praxisklinik Kreyden\",\"url\":\"https:\/\/kreyden.ch\/\",\"logo\":{\"@type\":\"ImageObject\",\"inLanguage\":\"en-US\",\"@id\":\"https:\/\/kreyden.ch\/#\/schema\/logo\/image\/\",\"url\":\"https:\/\/kreyden.ch\/wp3\/wp-content\/uploads\/2018\/03\/Bildschirmfoto-2018-03-11-um-16.56.13.png\",\"contentUrl\":\"https:\/\/kreyden.ch\/wp3\/wp-content\/uploads\/2018\/03\/Bildschirmfoto-2018-03-11-um-16.56.13.png\",\"width\":337,\"height\":86,\"caption\":\"Praxisklinik Kreyden\"},\"image\":{\"@id\":\"https:\/\/kreyden.ch\/#\/schema\/logo\/image\/\"},\"sameAs\":[\"https:\/\/www.facebook.com\/praxisklinik.kreyden\/\",\"https:\/\/www.instagram.com\/praxisklinikkreyden\/\"]},{\"@type\":\"Person\",\"@id\":\"https:\/\/kreyden.ch\/#\/schema\/person\/3ab6eb836b4b23b4bf8c72920c72679a\",\"name\":\"admin-kreyden\",\"image\":{\"@type\":\"ImageObject\",\"inLanguage\":\"en-US\",\"@id\":\"https:\/\/kreyden.ch\/#\/schema\/person\/image\/\",\"url\":\"https:\/\/secure.gravatar.com\/avatar\/ec6795baed4a94ee539b4a7797d7b602a92b243c4fca2615740e899a9096cf47?s=96&d=mm&r=g\",\"contentUrl\":\"https:\/\/secure.gravatar.com\/avatar\/ec6795baed4a94ee539b4a7797d7b602a92b243c4fca2615740e899a9096cf47?s=96&d=mm&r=g\",\"caption\":\"admin-kreyden\"}}]}<\/script>\n<!-- \/ Yoast SEO plugin. -->","yoast_head_json":{"title":"Alles Gute zur Pensionierung... - Praxisklinik Kreyden","description":"Unsere langj\u00e4hrige MPA, Claire Mauderli, geht in den wohlverdienten Ruhestand. Praxisklinik Kreyden w\u00fcnscht ihr alles Gute f\u00fcr die Zukunft.","robots":{"index":"index","follow":"follow","max-snippet":"max-snippet:-1","max-image-preview":"max-image-preview:large","max-video-preview":"max-video-preview:-1"},"canonical":"https:\/\/kreyden.ch\/alles-gute-zur-pensionierung\/","og_locale":"en_US","og_type":"article","og_title":"Alles Gute zur Pensionierung... - Praxisklinik Kreyden","og_description":"Unsere langj\u00e4hrige MPA, Claire Mauderli, geht in den wohlverdienten Ruhestand. Praxisklinik Kreyden w\u00fcnscht ihr alles Gute f\u00fcr die Zukunft.","og_url":"https:\/\/kreyden.ch\/alles-gute-zur-pensionierung\/","og_site_name":"Praxisklinik Kreyden","article_publisher":"https:\/\/www.facebook.com\/praxisklinik.kreyden\/","article_published_time":"2022-11-29T14:51:03+00:00","article_modified_time":"2023-01-17T08:39:11+00:00","og_image":[{"width":800,"height":533,"url":"https:\/\/kreyden.ch\/wp3\/wp-content\/uploads\/2022\/11\/kreyden-3036-klein-e1669733724261.jpg","type":"image\/jpeg"}],"author":"admin-kreyden","twitter_card":"summary_large_image","twitter_misc":{"Written by":"admin-kreyden","Est. reading time":"1 minute"},"schema":{"@context":"https:\/\/schema.org","@graph":[{"@type":"Article","@id":"https:\/\/kreyden.ch\/alles-gute-zur-pensionierung\/#article","isPartOf":{"@id":"https:\/\/kreyden.ch\/alles-gute-zur-pensionierung\/"},"author":{"name":"admin-kreyden","@id":"https:\/\/kreyden.ch\/#\/schema\/person\/3ab6eb836b4b23b4bf8c72920c72679a"},"headline":"Alles Gute zur Pensionierung&#8230;","datePublished":"2022-11-29T14:51:03+00:00","dateModified":"2023-01-17T08:39:11+00:00","mainEntityOfPage":{"@id":"https:\/\/kreyden.ch\/alles-gute-zur-pensionierung\/"},"wordCount":69,"publisher":{"@id":"https:\/\/kreyden.ch\/#organization"},"image":{"@id":"https:\/\/kreyden.ch\/alles-gute-zur-pensionierung\/#primaryimage"},"thumbnailUrl":"https:\/\/kreyden.ch\/wp3\/wp-content\/uploads\/2022\/11\/kreyden-3036-klein-e1669733724261.jpg","articleSection":["Unkategorisiert"],"inLanguage":"en-US"},{"@type":"WebPage","@id":"https:\/\/kreyden.ch\/alles-gute-zur-pensionierung\/","url":"https:\/\/kreyden.ch\/alles-gute-zur-pensionierung\/","name":"Alles Gute zur Pensionierung... - Praxisklinik Kreyden","isPartOf":{"@id":"https:\/\/kreyden.ch\/#website"},"primaryImageOfPage":{"@id":"https:\/\/kreyden.ch\/alles-gute-zur-pensionierung\/#primaryimage"},"image":{"@id":"https:\/\/kreyden.ch\/alles-gute-zur-pensionierung\/#primaryimage"},"thumbnailUrl":"https:\/\/kreyden.ch\/wp3\/wp-content\/uploads\/2022\/11\/kreyden-3036-klein-e1669733724261.jpg","datePublished":"2022-11-29T14:51:03+00:00","dateModified":"2023-01-17T08:39:11+00:00","description":"Unsere langj\u00e4hrige MPA, Claire Mauderli, geht in den wohlverdienten Ruhestand. Praxisklinik Kreyden w\u00fcnscht ihr alles Gute f\u00fcr die Zukunft.","breadcrumb":{"@id":"https:\/\/kreyden.ch\/alles-gute-zur-pensionierung\/#breadcrumb"},"inLanguage":"en-US","potentialAction":[{"@type":"ReadAction","target":["https:\/\/kreyden.ch\/alles-gute-zur-pensionierung\/"]}]},{"@type":"ImageObject","inLanguage":"en-US","@id":"https:\/\/kreyden.ch\/alles-gute-zur-pensionierung\/#primaryimage","url":"https:\/\/kreyden.ch\/wp3\/wp-content\/uploads\/2022\/11\/kreyden-3036-klein-e1669733724261.jpg","contentUrl":"https:\/\/kreyden.ch\/wp3\/wp-content\/uploads\/2022\/11\/kreyden-3036-klein-e1669733724261.jpg","width":800,"height":533},{"@type":"BreadcrumbList","@id":"https:\/\/kreyden.ch\/alles-gute-zur-pensionierung\/#breadcrumb","itemListElement":[{"@type":"ListItem","position":1,"name":"Startseite","item":"https:\/\/kreyden.ch\/en\/"},{"@type":"ListItem","position":2,"name":"Alles Gute zur Pensionierung&#8230;"}]},{"@type":"WebSite","@id":"https:\/\/kreyden.ch\/#website","url":"https:\/\/kreyden.ch\/","name":"Praxisklinik Kreyden","description":"Dermatologie, Dermatochirurgie, Lasermedizin, \u00c4sthetik","publisher":{"@id":"https:\/\/kreyden.ch\/#organization"},"potentialAction":[{"@type":"SearchAction","target":{"@type":"EntryPoint","urlTemplate":"https:\/\/kreyden.ch\/?s={search_term_string}"},"query-input":{"@type":"PropertyValueSpecification","valueRequired":true,"valueName":"search_term_string"}}],"inLanguage":"en-US"},{"@type":"Organization","@id":"https:\/\/kreyden.ch\/#organization","name":"Praxisklinik Kreyden","url":"https:\/\/kreyden.ch\/","logo":{"@type":"ImageObject","inLanguage":"en-US","@id":"https:\/\/kreyden.ch\/#\/schema\/logo\/image\/","url":"https:\/\/kreyden.ch\/wp3\/wp-content\/uploads\/2018\/03\/Bildschirmfoto-2018-03-11-um-16.56.13.png","contentUrl":"https:\/\/kreyden.ch\/wp3\/wp-content\/uploads\/2018\/03\/Bildschirmfoto-2018-03-11-um-16.56.13.png","width":337,"height":86,"caption":"Praxisklinik Kreyden"},"image":{"@id":"https:\/\/kreyden.ch\/#\/schema\/logo\/image\/"},"sameAs":["https:\/\/www.facebook.com\/praxisklinik.kreyden\/","https:\/\/www.instagram.com\/praxisklinikkreyden\/"]},{"@type":"Person","@id":"https:\/\/kreyden.ch\/#\/schema\/person\/3ab6eb836b4b23b4bf8c72920c72679a","name":"admin-kreyden","image":{"@type":"ImageObject","inLanguage":"en-US","@id":"https:\/\/kreyden.ch\/#\/schema\/person\/image\/","url":"https:\/\/secure.gravatar.com\/avatar\/ec6795baed4a94ee539b4a7797d7b602a92b243c4fca2615740e899a9096cf47?s=96&d=mm&r=g","contentUrl":"https:\/\/secure.gravatar.com\/avatar\/ec6795baed4a94ee539b4a7797d7b602a92b243c4fca2615740e899a9096cf47?s=96&d=mm&r=g","caption":"admin-kreyden"}}]}},"_links":{"self":[{"href":"https:\/\/kreyden.ch\/en\/wp-json\/wp\/v2\/posts\/4601","targetHints":{"allow":["GET"]}}],"collection":[{"href":"https:\/\/kreyden.ch\/en\/wp-json\/wp\/v2\/posts"}],"about":[{"href":"https:\/\/kreyden.ch\/en\/wp-json\/wp\/v2\/types\/post"}],"author":[{"embeddable":true,"href":"https:\/\/kreyden.ch\/en\/wp-json\/wp\/v2\/users\/2"}],"replies":[{"embeddable":true,"href":"https:\/\/kreyden.ch\/en\/wp-json\/wp\/v2\/comments?post=4601"}],"version-history":[{"count":18,"href":"https:\/\/kreyden.ch\/en\/wp-json\/wp\/v2\/posts\/4601\/revisions"}],"predecessor-version":[{"id":4626,"href":"https:\/\/kreyden.ch\/en\/wp-json\/wp\/v2\/posts\/4601\/revisions\/4626"}],"wp:featuredmedia":[{"embeddable":true,"href":"https:\/\/kreyden.ch\/en\/wp-json\/wp\/v2\/media\/4602"}],"wp:attachment":[{"href":"https:\/\/kreyden.ch\/en\/wp-json\/wp\/v2\/media?parent=4601"}],"wp:term":[{"taxonomy":"category","embeddable":true,"href":"https:\/\/kreyden.ch\/en\/wp-json\/wp\/v2\/categories?post=4601"},{"taxonomy":"post_tag","embeddable":true,"href":"https:\/\/kreyden.ch\/en\/wp-json\/wp\/v2\/tags?post=4601"}],"curies":[{"name":"wp","href":"https:\/\/api.w.org\/{rel}","templated":true}]}}