{"id":5040,"date":"2023-06-08T16:50:06","date_gmt":"2023-06-08T14:50:06","guid":{"rendered":"https:\/\/kreyden.ch\/?p=5040"},"modified":"2023-12-12T19:13:39","modified_gmt":"2023-12-12T18:13:39","slug":"vortrag-am-weltkongress-der-dermatologie","status":"publish","type":"post","link":"https:\/\/kreyden.ch\/en\/vortrag-am-weltkongress-der-dermatologie\/","title":{"rendered":"Vortrag am Weltkongress der Dermatologie"},"content":{"rendered":"\n<p>Dr. Kreyden wird am 25th World Congress of Dermatology in Singapore einen Vortrag \u00fcber das Phenol Peeling, eine sehr effektive \u00e4sthetische Behandlungsmethode sprechen. Das Phenol Peeling ist die K\u00f6nigsdisziplin des Peeling und wird bei fortgeschrittene Hautalterung mit Elastizit\u00e4tsverlust, tiefen Falten, tiefen Aknenarben, aber auch Tr\u00e4nens\u00e4ckchen eingesetzt. <\/p>\n","protected":false},"excerpt":{"rendered":"<p>Dr. Kreyden wird am 25th World Congress of Dermatology in Singapore einen Vortrag \u00fcber das Phenol Peeling, eine sehr effektive \u00e4sthetische Behandlungsmethode sprechen. Das Phenol Peeling ist die K\u00f6nigsdisziplin des Peeling und wird bei fortgeschrittene Hautalterung mit Elastizit\u00e4tsverlust, tiefen Falten, tiefen Aknenarben, aber auch Tr\u00e4nens\u00e4ckchen eingesetzt.<\/p>\n","protected":false},"author":2,"featured_media":5036,"comment_status":"closed","ping_status":"closed","sticky":false,"template":"","format":"standard","meta":{"_acf_changed":false,"inline_featured_image":false,"footnotes":"","_links_to":"","_links_to_target":""},"categories":[46],"tags":[70,75,76,91,89],"class_list":["post-5040","post","type-post","status-publish","format-standard","has-post-thumbnail","hentry","category-fachkurse","tag-asthetik","tag-asthetische-dermatologie","tag-chemical-peeling","tag-fortbildung","tag-spezialarzt"],"acf":[],"yoast_head":"<!-- This site is optimized with the Yoast SEO plugin v27.1.1 - https:\/\/yoast.com\/product\/yoast-seo-wordpress\/ -->\n<title>Vortrag am Weltkongress der Dermatologie - Praxisklinik Kreyden<\/title>\n<meta name=\"description\" content=\"Dr. Kreyden wurde eingeladen am World Congress of Dermatology in Singapore einen Vortrag \u00fcber das Phenol Peeling zu halten.\" \/>\n<meta name=\"robots\" content=\"index, follow, max-snippet:-1, max-image-preview:large, max-video-preview:-1\" \/>\n<link rel=\"canonical\" href=\"https:\/\/kreyden.ch\/vortrag-am-weltkongress-der-dermatologie\/\" \/>\n<meta property=\"og:locale\" content=\"en_US\" \/>\n<meta property=\"og:type\" content=\"article\" \/>\n<meta property=\"og:title\" content=\"Vortrag am Weltkongress der Dermatologie - Praxisklinik Kreyden\" \/>\n<meta property=\"og:description\" content=\"Dr. Kreyden wurde eingeladen am World Congress of Dermatology in Singapore einen Vortrag \u00fcber das Phenol Peeling zu halten.\" \/>\n<meta property=\"og:url\" content=\"https:\/\/kreyden.ch\/vortrag-am-weltkongress-der-dermatologie\/\" \/>\n<meta property=\"og:site_name\" content=\"Praxisklinik Kreyden\" \/>\n<meta property=\"article:publisher\" content=\"https:\/\/www.facebook.com\/praxisklinik.kreyden\/\" \/>\n<meta property=\"article:published_time\" content=\"2023-06-08T14:50:06+00:00\" \/>\n<meta property=\"article:modified_time\" content=\"2023-12-12T18:13:39+00:00\" \/>\n<meta property=\"og:image\" content=\"https:\/\/kreyden.ch\/wp3\/wp-content\/uploads\/2023\/06\/wcd23_speaker.jpg\" \/>\n\t<meta property=\"og:image:width\" content=\"1080\" \/>\n\t<meta property=\"og:image:height\" content=\"1080\" \/>\n\t<meta property=\"og:image:type\" content=\"image\/jpeg\" \/>\n<meta name=\"author\" content=\"admin-kreyden\" \/>\n<meta name=\"twitter:card\" content=\"summary_large_image\" \/>\n<meta name=\"twitter:label1\" content=\"Written by\" \/>\n\t<meta name=\"twitter:data1\" content=\"admin-kreyden\" \/>\n\t<meta name=\"twitter:label2\" content=\"Est. reading time\" \/>\n\t<meta name=\"twitter:data2\" content=\"1 minute\" \/>\n<script type=\"application\/ld+json\" class=\"yoast-schema-graph\">{\"@context\":\"https:\/\/schema.org\",\"@graph\":[{\"@type\":\"Article\",\"@id\":\"https:\/\/kreyden.ch\/vortrag-am-weltkongress-der-dermatologie\/#article\",\"isPartOf\":{\"@id\":\"https:\/\/kreyden.ch\/vortrag-am-weltkongress-der-dermatologie\/\"},\"author\":{\"name\":\"admin-kreyden\",\"@id\":\"https:\/\/kreyden.ch\/#\/schema\/person\/3ab6eb836b4b23b4bf8c72920c72679a\"},\"headline\":\"Vortrag am Weltkongress der Dermatologie\",\"datePublished\":\"2023-06-08T14:50:06+00:00\",\"dateModified\":\"2023-12-12T18:13:39+00:00\",\"mainEntityOfPage\":{\"@id\":\"https:\/\/kreyden.ch\/vortrag-am-weltkongress-der-dermatologie\/\"},\"wordCount\":55,\"publisher\":{\"@id\":\"https:\/\/kreyden.ch\/#organization\"},\"image\":{\"@id\":\"https:\/\/kreyden.ch\/vortrag-am-weltkongress-der-dermatologie\/#primaryimage\"},\"thumbnailUrl\":\"https:\/\/kreyden.ch\/wp3\/wp-content\/uploads\/2023\/06\/wcd23_speaker.jpg\",\"keywords\":[\"\u00c4sthetik\",\"\u00e4sthetische Dermatologie\",\"Chemical Peeling\",\"Fortbildung\",\"Spezialarzt\"],\"articleSection\":[\"Fachkurse\"],\"inLanguage\":\"en-US\"},{\"@type\":\"WebPage\",\"@id\":\"https:\/\/kreyden.ch\/vortrag-am-weltkongress-der-dermatologie\/\",\"url\":\"https:\/\/kreyden.ch\/vortrag-am-weltkongress-der-dermatologie\/\",\"name\":\"Vortrag am Weltkongress der Dermatologie - Praxisklinik Kreyden\",\"isPartOf\":{\"@id\":\"https:\/\/kreyden.ch\/#website\"},\"primaryImageOfPage\":{\"@id\":\"https:\/\/kreyden.ch\/vortrag-am-weltkongress-der-dermatologie\/#primaryimage\"},\"image\":{\"@id\":\"https:\/\/kreyden.ch\/vortrag-am-weltkongress-der-dermatologie\/#primaryimage\"},\"thumbnailUrl\":\"https:\/\/kreyden.ch\/wp3\/wp-content\/uploads\/2023\/06\/wcd23_speaker.jpg\",\"datePublished\":\"2023-06-08T14:50:06+00:00\",\"dateModified\":\"2023-12-12T18:13:39+00:00\",\"description\":\"Dr. Kreyden wurde eingeladen am World Congress of Dermatology in Singapore einen Vortrag \u00fcber das Phenol Peeling zu halten.\",\"breadcrumb\":{\"@id\":\"https:\/\/kreyden.ch\/vortrag-am-weltkongress-der-dermatologie\/#breadcrumb\"},\"inLanguage\":\"en-US\",\"potentialAction\":[{\"@type\":\"ReadAction\",\"target\":[\"https:\/\/kreyden.ch\/vortrag-am-weltkongress-der-dermatologie\/\"]}]},{\"@type\":\"ImageObject\",\"inLanguage\":\"en-US\",\"@id\":\"https:\/\/kreyden.ch\/vortrag-am-weltkongress-der-dermatologie\/#primaryimage\",\"url\":\"https:\/\/kreyden.ch\/wp3\/wp-content\/uploads\/2023\/06\/wcd23_speaker.jpg\",\"contentUrl\":\"https:\/\/kreyden.ch\/wp3\/wp-content\/uploads\/2023\/06\/wcd23_speaker.jpg\",\"width\":1080,\"height\":1080},{\"@type\":\"BreadcrumbList\",\"@id\":\"https:\/\/kreyden.ch\/vortrag-am-weltkongress-der-dermatologie\/#breadcrumb\",\"itemListElement\":[{\"@type\":\"ListItem\",\"position\":1,\"name\":\"Startseite\",\"item\":\"https:\/\/kreyden.ch\/en\/\"},{\"@type\":\"ListItem\",\"position\":2,\"name\":\"Vortrag am Weltkongress der Dermatologie\"}]},{\"@type\":\"WebSite\",\"@id\":\"https:\/\/kreyden.ch\/#website\",\"url\":\"https:\/\/kreyden.ch\/\",\"name\":\"Praxisklinik Kreyden\",\"description\":\"Dermatologie, Dermatochirurgie, Lasermedizin, \u00c4sthetik\",\"publisher\":{\"@id\":\"https:\/\/kreyden.ch\/#organization\"},\"potentialAction\":[{\"@type\":\"SearchAction\",\"target\":{\"@type\":\"EntryPoint\",\"urlTemplate\":\"https:\/\/kreyden.ch\/?s={search_term_string}\"},\"query-input\":{\"@type\":\"PropertyValueSpecification\",\"valueRequired\":true,\"valueName\":\"search_term_string\"}}],\"inLanguage\":\"en-US\"},{\"@type\":\"Organization\",\"@id\":\"https:\/\/kreyden.ch\/#organization\",\"name\":\"Praxisklinik Kreyden\",\"url\":\"https:\/\/kreyden.ch\/\",\"logo\":{\"@type\":\"ImageObject\",\"inLanguage\":\"en-US\",\"@id\":\"https:\/\/kreyden.ch\/#\/schema\/logo\/image\/\",\"url\":\"https:\/\/kreyden.ch\/wp3\/wp-content\/uploads\/2018\/03\/Bildschirmfoto-2018-03-11-um-16.56.13.png\",\"contentUrl\":\"https:\/\/kreyden.ch\/wp3\/wp-content\/uploads\/2018\/03\/Bildschirmfoto-2018-03-11-um-16.56.13.png\",\"width\":337,\"height\":86,\"caption\":\"Praxisklinik Kreyden\"},\"image\":{\"@id\":\"https:\/\/kreyden.ch\/#\/schema\/logo\/image\/\"},\"sameAs\":[\"https:\/\/www.facebook.com\/praxisklinik.kreyden\/\",\"https:\/\/www.instagram.com\/praxisklinikkreyden\/\"]},{\"@type\":\"Person\",\"@id\":\"https:\/\/kreyden.ch\/#\/schema\/person\/3ab6eb836b4b23b4bf8c72920c72679a\",\"name\":\"admin-kreyden\",\"image\":{\"@type\":\"ImageObject\",\"inLanguage\":\"en-US\",\"@id\":\"https:\/\/kreyden.ch\/#\/schema\/person\/image\/\",\"url\":\"https:\/\/secure.gravatar.com\/avatar\/ec6795baed4a94ee539b4a7797d7b602a92b243c4fca2615740e899a9096cf47?s=96&d=mm&r=g\",\"contentUrl\":\"https:\/\/secure.gravatar.com\/avatar\/ec6795baed4a94ee539b4a7797d7b602a92b243c4fca2615740e899a9096cf47?s=96&d=mm&r=g\",\"caption\":\"admin-kreyden\"}}]}<\/script>\n<!-- \/ Yoast SEO plugin. -->","yoast_head_json":{"title":"Vortrag am Weltkongress der Dermatologie - Praxisklinik Kreyden","description":"Dr. Kreyden wurde eingeladen am World Congress of Dermatology in Singapore einen Vortrag \u00fcber das Phenol Peeling zu halten.","robots":{"index":"index","follow":"follow","max-snippet":"max-snippet:-1","max-image-preview":"max-image-preview:large","max-video-preview":"max-video-preview:-1"},"canonical":"https:\/\/kreyden.ch\/vortrag-am-weltkongress-der-dermatologie\/","og_locale":"en_US","og_type":"article","og_title":"Vortrag am Weltkongress der Dermatologie - Praxisklinik Kreyden","og_description":"Dr. Kreyden wurde eingeladen am World Congress of Dermatology in Singapore einen Vortrag \u00fcber das Phenol Peeling zu halten.","og_url":"https:\/\/kreyden.ch\/vortrag-am-weltkongress-der-dermatologie\/","og_site_name":"Praxisklinik Kreyden","article_publisher":"https:\/\/www.facebook.com\/praxisklinik.kreyden\/","article_published_time":"2023-06-08T14:50:06+00:00","article_modified_time":"2023-12-12T18:13:39+00:00","og_image":[{"width":1080,"height":1080,"url":"https:\/\/kreyden.ch\/wp3\/wp-content\/uploads\/2023\/06\/wcd23_speaker.jpg","type":"image\/jpeg"}],"author":"admin-kreyden","twitter_card":"summary_large_image","twitter_misc":{"Written by":"admin-kreyden","Est. reading time":"1 minute"},"schema":{"@context":"https:\/\/schema.org","@graph":[{"@type":"Article","@id":"https:\/\/kreyden.ch\/vortrag-am-weltkongress-der-dermatologie\/#article","isPartOf":{"@id":"https:\/\/kreyden.ch\/vortrag-am-weltkongress-der-dermatologie\/"},"author":{"name":"admin-kreyden","@id":"https:\/\/kreyden.ch\/#\/schema\/person\/3ab6eb836b4b23b4bf8c72920c72679a"},"headline":"Vortrag am Weltkongress der Dermatologie","datePublished":"2023-06-08T14:50:06+00:00","dateModified":"2023-12-12T18:13:39+00:00","mainEntityOfPage":{"@id":"https:\/\/kreyden.ch\/vortrag-am-weltkongress-der-dermatologie\/"},"wordCount":55,"publisher":{"@id":"https:\/\/kreyden.ch\/#organization"},"image":{"@id":"https:\/\/kreyden.ch\/vortrag-am-weltkongress-der-dermatologie\/#primaryimage"},"thumbnailUrl":"https:\/\/kreyden.ch\/wp3\/wp-content\/uploads\/2023\/06\/wcd23_speaker.jpg","keywords":["\u00c4sthetik","\u00e4sthetische Dermatologie","Chemical Peeling","Fortbildung","Spezialarzt"],"articleSection":["Fachkurse"],"inLanguage":"en-US"},{"@type":"WebPage","@id":"https:\/\/kreyden.ch\/vortrag-am-weltkongress-der-dermatologie\/","url":"https:\/\/kreyden.ch\/vortrag-am-weltkongress-der-dermatologie\/","name":"Vortrag am Weltkongress der Dermatologie - Praxisklinik Kreyden","isPartOf":{"@id":"https:\/\/kreyden.ch\/#website"},"primaryImageOfPage":{"@id":"https:\/\/kreyden.ch\/vortrag-am-weltkongress-der-dermatologie\/#primaryimage"},"image":{"@id":"https:\/\/kreyden.ch\/vortrag-am-weltkongress-der-dermatologie\/#primaryimage"},"thumbnailUrl":"https:\/\/kreyden.ch\/wp3\/wp-content\/uploads\/2023\/06\/wcd23_speaker.jpg","datePublished":"2023-06-08T14:50:06+00:00","dateModified":"2023-12-12T18:13:39+00:00","description":"Dr. Kreyden wurde eingeladen am World Congress of Dermatology in Singapore einen Vortrag \u00fcber das Phenol Peeling zu halten.","breadcrumb":{"@id":"https:\/\/kreyden.ch\/vortrag-am-weltkongress-der-dermatologie\/#breadcrumb"},"inLanguage":"en-US","potentialAction":[{"@type":"ReadAction","target":["https:\/\/kreyden.ch\/vortrag-am-weltkongress-der-dermatologie\/"]}]},{"@type":"ImageObject","inLanguage":"en-US","@id":"https:\/\/kreyden.ch\/vortrag-am-weltkongress-der-dermatologie\/#primaryimage","url":"https:\/\/kreyden.ch\/wp3\/wp-content\/uploads\/2023\/06\/wcd23_speaker.jpg","contentUrl":"https:\/\/kreyden.ch\/wp3\/wp-content\/uploads\/2023\/06\/wcd23_speaker.jpg","width":1080,"height":1080},{"@type":"BreadcrumbList","@id":"https:\/\/kreyden.ch\/vortrag-am-weltkongress-der-dermatologie\/#breadcrumb","itemListElement":[{"@type":"ListItem","position":1,"name":"Startseite","item":"https:\/\/kreyden.ch\/en\/"},{"@type":"ListItem","position":2,"name":"Vortrag am Weltkongress der Dermatologie"}]},{"@type":"WebSite","@id":"https:\/\/kreyden.ch\/#website","url":"https:\/\/kreyden.ch\/","name":"Praxisklinik Kreyden","description":"Dermatologie, Dermatochirurgie, Lasermedizin, \u00c4sthetik","publisher":{"@id":"https:\/\/kreyden.ch\/#organization"},"potentialAction":[{"@type":"SearchAction","target":{"@type":"EntryPoint","urlTemplate":"https:\/\/kreyden.ch\/?s={search_term_string}"},"query-input":{"@type":"PropertyValueSpecification","valueRequired":true,"valueName":"search_term_string"}}],"inLanguage":"en-US"},{"@type":"Organization","@id":"https:\/\/kreyden.ch\/#organization","name":"Praxisklinik Kreyden","url":"https:\/\/kreyden.ch\/","logo":{"@type":"ImageObject","inLanguage":"en-US","@id":"https:\/\/kreyden.ch\/#\/schema\/logo\/image\/","url":"https:\/\/kreyden.ch\/wp3\/wp-content\/uploads\/2018\/03\/Bildschirmfoto-2018-03-11-um-16.56.13.png","contentUrl":"https:\/\/kreyden.ch\/wp3\/wp-content\/uploads\/2018\/03\/Bildschirmfoto-2018-03-11-um-16.56.13.png","width":337,"height":86,"caption":"Praxisklinik Kreyden"},"image":{"@id":"https:\/\/kreyden.ch\/#\/schema\/logo\/image\/"},"sameAs":["https:\/\/www.facebook.com\/praxisklinik.kreyden\/","https:\/\/www.instagram.com\/praxisklinikkreyden\/"]},{"@type":"Person","@id":"https:\/\/kreyden.ch\/#\/schema\/person\/3ab6eb836b4b23b4bf8c72920c72679a","name":"admin-kreyden","image":{"@type":"ImageObject","inLanguage":"en-US","@id":"https:\/\/kreyden.ch\/#\/schema\/person\/image\/","url":"https:\/\/secure.gravatar.com\/avatar\/ec6795baed4a94ee539b4a7797d7b602a92b243c4fca2615740e899a9096cf47?s=96&d=mm&r=g","contentUrl":"https:\/\/secure.gravatar.com\/avatar\/ec6795baed4a94ee539b4a7797d7b602a92b243c4fca2615740e899a9096cf47?s=96&d=mm&r=g","caption":"admin-kreyden"}}]}},"_links":{"self":[{"href":"https:\/\/kreyden.ch\/en\/wp-json\/wp\/v2\/posts\/5040","targetHints":{"allow":["GET"]}}],"collection":[{"href":"https:\/\/kreyden.ch\/en\/wp-json\/wp\/v2\/posts"}],"about":[{"href":"https:\/\/kreyden.ch\/en\/wp-json\/wp\/v2\/types\/post"}],"author":[{"embeddable":true,"href":"https:\/\/kreyden.ch\/en\/wp-json\/wp\/v2\/users\/2"}],"replies":[{"embeddable":true,"href":"https:\/\/kreyden.ch\/en\/wp-json\/wp\/v2\/comments?post=5040"}],"version-history":[{"count":2,"href":"https:\/\/kreyden.ch\/en\/wp-json\/wp\/v2\/posts\/5040\/revisions"}],"predecessor-version":[{"id":5042,"href":"https:\/\/kreyden.ch\/en\/wp-json\/wp\/v2\/posts\/5040\/revisions\/5042"}],"wp:featuredmedia":[{"embeddable":true,"href":"https:\/\/kreyden.ch\/en\/wp-json\/wp\/v2\/media\/5036"}],"wp:attachment":[{"href":"https:\/\/kreyden.ch\/en\/wp-json\/wp\/v2\/media?parent=5040"}],"wp:term":[{"taxonomy":"category","embeddable":true,"href":"https:\/\/kreyden.ch\/en\/wp-json\/wp\/v2\/categories?post=5040"},{"taxonomy":"post_tag","embeddable":true,"href":"https:\/\/kreyden.ch\/en\/wp-json\/wp\/v2\/tags?post=5040"}],"curies":[{"name":"wp","href":"https:\/\/api.w.org\/{rel}","templated":true}]}}