{"id":5130,"date":"2023-12-12T18:29:58","date_gmt":"2023-12-12T17:29:58","guid":{"rendered":"https:\/\/kreyden.ch\/?p=5130"},"modified":"2024-03-21T11:38:34","modified_gmt":"2024-03-21T10:38:34","slug":"review-of-the-cpc-basel-2023","status":"publish","type":"post","link":"https:\/\/kreyden.ch\/en\/review-of-the-cpc-basel-2023\/","title":{"rendered":"Review CPC Basel 2023"},"content":{"rendered":"\n<p>The first <a href=\"https:\/\/kreyden.ch\/save-the-date\/\">Chemical Peeling Conference 2023 (CPC Basel 2023)<\/a> took place on Nov 17th and 18th in Basel under the scientific direction of Dr Oliver Ph. Kreyden (Immediate Past President International Peeling Society) in the  Hotel M\u00f6venpick. The topic of the CPC was the application of superficial to deep peeling for therapeutic and aesthetic indications including pre- and post-treatment as well as the anesthesia method. The invited international peeling experts presented the topic theoretically very detailed and were present to discuss questions from the audience.<\/p>\n\n\n\n<figure class=\"wp-block-gallery has-nested-images columns-default is-cropped wp-block-gallery-1 is-layout-flex wp-block-gallery-is-layout-flex\">\n<figure class=\"wp-block-image size-large\"><img loading=\"lazy\" decoding=\"async\" width=\"455\" height=\"683\" data-id=\"5200\" src=\"https:\/\/kreyden.ch\/wp3\/wp-content\/uploads\/2023\/12\/DSCF5916-1-edited.jpg\" alt=\"\" class=\"wp-image-5200\" srcset=\"https:\/\/kreyden.ch\/wp3\/wp-content\/uploads\/2023\/12\/DSCF5916-1-edited.jpg 455w, https:\/\/kreyden.ch\/wp3\/wp-content\/uploads\/2023\/12\/DSCF5916-1-edited-433x650.jpg 433w, https:\/\/kreyden.ch\/wp3\/wp-content\/uploads\/2023\/12\/DSCF5916-1-edited-220x330.jpg 220w\" sizes=\"auto, (max-width: 455px) 100vw, 455px\" \/><figcaption class=\"wp-element-caption\">Dr. Oliver Ph. Kreyden<\/figcaption><\/figure>\n\n\n\n<figure class=\"wp-block-image size-large\"><img loading=\"lazy\" decoding=\"async\" width=\"2560\" height=\"2433\" data-id=\"5161\" src=\"https:\/\/kreyden.ch\/wp3\/wp-content\/uploads\/2023\/12\/DSCF6152-1-scaled.jpg\" alt=\"\" class=\"wp-image-5161\"\/><figcaption class=\"wp-element-caption\">Dr. Ines Verner<\/figcaption><\/figure>\n\n\n\n<figure class=\"wp-block-image size-large\"><img loading=\"lazy\" decoding=\"async\" width=\"733\" height=\"1100\" data-id=\"5145\" src=\"https:\/\/kreyden.ch\/wp3\/wp-content\/uploads\/2023\/12\/DSCF5981-1-733x1100.jpg\" alt=\"\" class=\"wp-image-5145\" srcset=\"https:\/\/kreyden.ch\/wp3\/wp-content\/uploads\/2023\/12\/DSCF5981-1-733x1100.jpg 733w, https:\/\/kreyden.ch\/wp3\/wp-content\/uploads\/2023\/12\/DSCF5981-1-433x650.jpg 433w, https:\/\/kreyden.ch\/wp3\/wp-content\/uploads\/2023\/12\/DSCF5981-1-220x330.jpg 220w, https:\/\/kreyden.ch\/wp3\/wp-content\/uploads\/2023\/12\/DSCF5981-1-768x1152.jpg 768w, https:\/\/kreyden.ch\/wp3\/wp-content\/uploads\/2023\/12\/DSCF5981-1-scaled.jpg 1707w\" sizes=\"auto, (max-width: 733px) 100vw, 733px\" \/><figcaption class=\"wp-element-caption\">Prof. Leonardo Marini<\/figcaption><\/figure>\n\n\n\n<figure class=\"wp-block-image size-large\"><img loading=\"lazy\" decoding=\"async\" width=\"733\" height=\"1100\" data-id=\"5147\" src=\"https:\/\/kreyden.ch\/wp3\/wp-content\/uploads\/2023\/12\/DSCF6019-1-733x1100.jpg\" alt=\"\" class=\"wp-image-5147\" srcset=\"https:\/\/kreyden.ch\/wp3\/wp-content\/uploads\/2023\/12\/DSCF6019-1-733x1100.jpg 733w, https:\/\/kreyden.ch\/wp3\/wp-content\/uploads\/2023\/12\/DSCF6019-1-433x650.jpg 433w, https:\/\/kreyden.ch\/wp3\/wp-content\/uploads\/2023\/12\/DSCF6019-1-220x330.jpg 220w, https:\/\/kreyden.ch\/wp3\/wp-content\/uploads\/2023\/12\/DSCF6019-1-768x1152.jpg 768w, https:\/\/kreyden.ch\/wp3\/wp-content\/uploads\/2023\/12\/DSCF6019-1-scaled.jpg 1707w\" sizes=\"auto, (max-width: 733px) 100vw, 733px\" \/><figcaption class=\"wp-element-caption\">Dr. Pierre Andr\u00e9<\/figcaption><\/figure>\n\n\n\n<figure class=\"wp-block-image size-large\"><img loading=\"lazy\" decoding=\"async\" width=\"733\" height=\"1100\" data-id=\"5139\" src=\"https:\/\/kreyden.ch\/wp3\/wp-content\/uploads\/2023\/12\/DSCF5941-1-733x1100.jpg\" alt=\"\" class=\"wp-image-5139\" srcset=\"https:\/\/kreyden.ch\/wp3\/wp-content\/uploads\/2023\/12\/DSCF5941-1-733x1100.jpg 733w, https:\/\/kreyden.ch\/wp3\/wp-content\/uploads\/2023\/12\/DSCF5941-1-433x650.jpg 433w, https:\/\/kreyden.ch\/wp3\/wp-content\/uploads\/2023\/12\/DSCF5941-1-220x330.jpg 220w, https:\/\/kreyden.ch\/wp3\/wp-content\/uploads\/2023\/12\/DSCF5941-1-768x1152.jpg 768w, https:\/\/kreyden.ch\/wp3\/wp-content\/uploads\/2023\/12\/DSCF5941-1-1024x1536.jpg 1024w, https:\/\/kreyden.ch\/wp3\/wp-content\/uploads\/2023\/12\/DSCF5941-1.jpg 1365w\" sizes=\"auto, (max-width: 733px) 100vw, 733px\" \/><figcaption class=\"wp-element-caption\">Dr. Calros G. Wambier<\/figcaption><\/figure>\n<\/figure>\n\n\n\n<p> In a practical part, the peeling technique, tips and clinical trends were demonstrated to the participants by live peelings on patients. Patients who had had a phenol peel before the CPC Basel were also invited for their follow-up and reported on their experiences.<\/p>\n\n\n\n<figure class=\"wp-block-gallery has-nested-images columns-default is-cropped wp-block-gallery-2 is-layout-flex wp-block-gallery-is-layout-flex\">\n<figure class=\"wp-block-image size-large\"><img loading=\"lazy\" decoding=\"async\" width=\"1100\" height=\"733\" data-id=\"5151\" src=\"https:\/\/kreyden.ch\/wp3\/wp-content\/uploads\/2023\/12\/DSCF6048-1-1100x733.jpg\" alt=\"\" class=\"wp-image-5151\" srcset=\"https:\/\/kreyden.ch\/wp3\/wp-content\/uploads\/2023\/12\/DSCF6048-1-1100x733.jpg 1100w, https:\/\/kreyden.ch\/wp3\/wp-content\/uploads\/2023\/12\/DSCF6048-1-650x433.jpg 650w, https:\/\/kreyden.ch\/wp3\/wp-content\/uploads\/2023\/12\/DSCF6048-1-330x220.jpg 330w, https:\/\/kreyden.ch\/wp3\/wp-content\/uploads\/2023\/12\/DSCF6048-1-768x512.jpg 768w\" sizes=\"auto, (max-width: 1100px) 100vw, 1100px\" \/><figcaption class=\"wp-element-caption\">Live TCA Peeling<\/figcaption><\/figure>\n\n\n\n<figure class=\"wp-block-image size-large\"><img loading=\"lazy\" decoding=\"async\" width=\"1100\" height=\"733\" data-id=\"5153\" src=\"https:\/\/kreyden.ch\/wp3\/wp-content\/uploads\/2023\/12\/DSCF6061-1-1100x733.jpg\" alt=\"\" class=\"wp-image-5153\" srcset=\"https:\/\/kreyden.ch\/wp3\/wp-content\/uploads\/2023\/12\/DSCF6061-1-1100x733.jpg 1100w, https:\/\/kreyden.ch\/wp3\/wp-content\/uploads\/2023\/12\/DSCF6061-1-650x433.jpg 650w, https:\/\/kreyden.ch\/wp3\/wp-content\/uploads\/2023\/12\/DSCF6061-1-330x220.jpg 330w, https:\/\/kreyden.ch\/wp3\/wp-content\/uploads\/2023\/12\/DSCF6061-1-768x512.jpg 768w, https:\/\/kreyden.ch\/wp3\/wp-content\/uploads\/2023\/12\/DSCF6061-1-1536x1024.jpg 1536w, https:\/\/kreyden.ch\/wp3\/wp-content\/uploads\/2023\/12\/DSCF6061-1.jpg 2048w\" sizes=\"auto, (max-width: 1100px) 100vw, 1100px\" \/><\/figure>\n<\/figure>\n\n\n\n<p>The social programme included a gala dinner in a former monastery in the heart of Basel. This gave the participants the opportunity to continue the discussions or simply to end the evening on the dance floor. On the last day Dr Kreyden guided personally the interested participants through his home town of Basel. <\/p>\n\n\n\n<p>Most of the attendees were dermatologists and plastic surgeons from 13 different countries. All videos of the presentations and live treatments are available to the participants as videos in the <a href=\"https:\/\/cp-conference.ch\/#\/\">CPC Basel app<\/a>. The app also offers the opportunity to further network.<\/p>\n\n\n\n<p>From our point of view, the CPC was a real success! We would like to take this opportunity to thank everyone, speakers, participants and especially our sponsors, who supported us in this project.<\/p>\n\n\n\n<figure class=\"wp-block-image size-large\"><img loading=\"lazy\" decoding=\"async\" width=\"1100\" height=\"123\" src=\"https:\/\/kreyden.ch\/wp3\/wp-content\/uploads\/2023\/12\/20231212-Bild-Sponsoren-1100x123.png\" alt=\"\" class=\"wp-image-5193\" srcset=\"https:\/\/kreyden.ch\/wp3\/wp-content\/uploads\/2023\/12\/20231212-Bild-Sponsoren-1100x123.png 1100w, https:\/\/kreyden.ch\/wp3\/wp-content\/uploads\/2023\/12\/20231212-Bild-Sponsoren-650x73.png 650w, https:\/\/kreyden.ch\/wp3\/wp-content\/uploads\/2023\/12\/20231212-Bild-Sponsoren-330x37.png 330w, https:\/\/kreyden.ch\/wp3\/wp-content\/uploads\/2023\/12\/20231212-Bild-Sponsoren-768x86.png 768w, https:\/\/kreyden.ch\/wp3\/wp-content\/uploads\/2023\/12\/20231212-Bild-Sponsoren.png 1407w\" sizes=\"auto, (max-width: 1100px) 100vw, 1100px\" \/><\/figure>\n\n\n\n<p><strong>CPC 2024 and Beyond <\/strong>is already in the planning<strong>, 1 &amp; 2 November 2024!<\/strong><\/p>\n\n\n\n<p>Save the Date &amp; register under management@cp-conference.ch<\/p>\n\n\n\n<figure class=\"wp-block-gallery has-nested-images columns-default is-cropped wp-block-gallery-3 is-layout-flex wp-block-gallery-is-layout-flex\">\n<figure class=\"wp-block-image size-large\"><img loading=\"lazy\" decoding=\"async\" width=\"733\" height=\"1100\" data-id=\"5114\" src=\"https:\/\/kreyden.ch\/wp3\/wp-content\/uploads\/2023\/12\/DSCF5883-733x1100.jpg\" alt=\"\" class=\"wp-image-5114\" srcset=\"https:\/\/kreyden.ch\/wp3\/wp-content\/uploads\/2023\/12\/DSCF5883-733x1100.jpg 733w, https:\/\/kreyden.ch\/wp3\/wp-content\/uploads\/2023\/12\/DSCF5883-433x650.jpg 433w, https:\/\/kreyden.ch\/wp3\/wp-content\/uploads\/2023\/12\/DSCF5883-220x330.jpg 220w, https:\/\/kreyden.ch\/wp3\/wp-content\/uploads\/2023\/12\/DSCF5883-768x1152.jpg 768w, https:\/\/kreyden.ch\/wp3\/wp-content\/uploads\/2023\/12\/DSCF5883-scaled.jpg 1707w\" sizes=\"auto, (max-width: 733px) 100vw, 733px\" \/><\/figure>\n\n\n\n<figure class=\"wp-block-image size-large\"><img loading=\"lazy\" decoding=\"async\" width=\"1100\" height=\"733\" data-id=\"5104\" src=\"https:\/\/kreyden.ch\/wp3\/wp-content\/uploads\/2023\/12\/DSCF6141-1100x733.jpg\" alt=\"\" class=\"wp-image-5104\" srcset=\"https:\/\/kreyden.ch\/wp3\/wp-content\/uploads\/2023\/12\/DSCF6141-1100x733.jpg 1100w, https:\/\/kreyden.ch\/wp3\/wp-content\/uploads\/2023\/12\/DSCF6141-650x433.jpg 650w, https:\/\/kreyden.ch\/wp3\/wp-content\/uploads\/2023\/12\/DSCF6141-330x220.jpg 330w, https:\/\/kreyden.ch\/wp3\/wp-content\/uploads\/2023\/12\/DSCF6141-768x512.jpg 768w, https:\/\/kreyden.ch\/wp3\/wp-content\/uploads\/2023\/12\/DSCF6141-1536x1024.jpg 1536w, https:\/\/kreyden.ch\/wp3\/wp-content\/uploads\/2023\/12\/DSCF6141.jpg 2048w\" sizes=\"auto, (max-width: 1100px) 100vw, 1100px\" \/><\/figure>\n\n\n\n<figure class=\"wp-block-image size-large\"><img loading=\"lazy\" decoding=\"async\" width=\"733\" height=\"1100\" data-id=\"5110\" src=\"https:\/\/kreyden.ch\/wp3\/wp-content\/uploads\/2023\/12\/DSCF5921-733x1100.jpg\" alt=\"\" class=\"wp-image-5110\" srcset=\"https:\/\/kreyden.ch\/wp3\/wp-content\/uploads\/2023\/12\/DSCF5921-733x1100.jpg 733w, https:\/\/kreyden.ch\/wp3\/wp-content\/uploads\/2023\/12\/DSCF5921-433x650.jpg 433w, https:\/\/kreyden.ch\/wp3\/wp-content\/uploads\/2023\/12\/DSCF5921-220x330.jpg 220w, https:\/\/kreyden.ch\/wp3\/wp-content\/uploads\/2023\/12\/DSCF5921-768x1152.jpg 768w, https:\/\/kreyden.ch\/wp3\/wp-content\/uploads\/2023\/12\/DSCF5921-1024x1536.jpg 1024w, https:\/\/kreyden.ch\/wp3\/wp-content\/uploads\/2023\/12\/DSCF5921.jpg 1365w\" sizes=\"auto, (max-width: 733px) 100vw, 733px\" \/><\/figure>\n\n\n\n<figure class=\"wp-block-image size-large\"><img loading=\"lazy\" decoding=\"async\" width=\"733\" height=\"1100\" data-id=\"5112\" src=\"https:\/\/kreyden.ch\/wp3\/wp-content\/uploads\/2023\/12\/DSCF5893-733x1100.jpg\" alt=\"\" class=\"wp-image-5112\" srcset=\"https:\/\/kreyden.ch\/wp3\/wp-content\/uploads\/2023\/12\/DSCF5893-733x1100.jpg 733w, https:\/\/kreyden.ch\/wp3\/wp-content\/uploads\/2023\/12\/DSCF5893-433x650.jpg 433w, https:\/\/kreyden.ch\/wp3\/wp-content\/uploads\/2023\/12\/DSCF5893-220x330.jpg 220w, https:\/\/kreyden.ch\/wp3\/wp-content\/uploads\/2023\/12\/DSCF5893-768x1152.jpg 768w, https:\/\/kreyden.ch\/wp3\/wp-content\/uploads\/2023\/12\/DSCF5893-1024x1536.jpg 1024w, https:\/\/kreyden.ch\/wp3\/wp-content\/uploads\/2023\/12\/DSCF5893.jpg 1365w\" sizes=\"auto, (max-width: 733px) 100vw, 733px\" \/><\/figure>\n\n\n\n<figure class=\"wp-block-image size-large\"><img loading=\"lazy\" decoding=\"async\" width=\"1100\" height=\"733\" data-id=\"5122\" src=\"https:\/\/kreyden.ch\/wp3\/wp-content\/uploads\/2023\/12\/DSCF6131-1100x733.jpg\" alt=\"\" class=\"wp-image-5122\" srcset=\"https:\/\/kreyden.ch\/wp3\/wp-content\/uploads\/2023\/12\/DSCF6131-1100x733.jpg 1100w, https:\/\/kreyden.ch\/wp3\/wp-content\/uploads\/2023\/12\/DSCF6131-650x433.jpg 650w, https:\/\/kreyden.ch\/wp3\/wp-content\/uploads\/2023\/12\/DSCF6131-330x220.jpg 330w, https:\/\/kreyden.ch\/wp3\/wp-content\/uploads\/2023\/12\/DSCF6131-768x512.jpg 768w, https:\/\/kreyden.ch\/wp3\/wp-content\/uploads\/2023\/12\/DSCF6131-1536x1024.jpg 1536w, https:\/\/kreyden.ch\/wp3\/wp-content\/uploads\/2023\/12\/DSCF6131.jpg 2048w\" sizes=\"auto, (max-width: 1100px) 100vw, 1100px\" \/><\/figure>\n\n\n\n<figure class=\"wp-block-image size-large\"><img loading=\"lazy\" decoding=\"async\" width=\"1100\" height=\"733\" data-id=\"5100\" src=\"https:\/\/kreyden.ch\/wp3\/wp-content\/uploads\/2023\/12\/DSCF6062-1100x733.jpg\" alt=\"\" class=\"wp-image-5100\" srcset=\"https:\/\/kreyden.ch\/wp3\/wp-content\/uploads\/2023\/12\/DSCF6062-1100x733.jpg 1100w, https:\/\/kreyden.ch\/wp3\/wp-content\/uploads\/2023\/12\/DSCF6062-650x433.jpg 650w, https:\/\/kreyden.ch\/wp3\/wp-content\/uploads\/2023\/12\/DSCF6062-330x220.jpg 330w, https:\/\/kreyden.ch\/wp3\/wp-content\/uploads\/2023\/12\/DSCF6062-768x512.jpg 768w, https:\/\/kreyden.ch\/wp3\/wp-content\/uploads\/2023\/12\/DSCF6062-1536x1024.jpg 1536w, https:\/\/kreyden.ch\/wp3\/wp-content\/uploads\/2023\/12\/DSCF6062.jpg 2048w\" sizes=\"auto, (max-width: 1100px) 100vw, 1100px\" \/><\/figure>\n\n\n\n<figure class=\"wp-block-image size-large\"><img loading=\"lazy\" decoding=\"async\" width=\"733\" height=\"1100\" data-id=\"5094\" src=\"https:\/\/kreyden.ch\/wp3\/wp-content\/uploads\/2023\/12\/DSCF5963-733x1100.jpg\" alt=\"\" class=\"wp-image-5094\" srcset=\"https:\/\/kreyden.ch\/wp3\/wp-content\/uploads\/2023\/12\/DSCF5963-733x1100.jpg 733w, https:\/\/kreyden.ch\/wp3\/wp-content\/uploads\/2023\/12\/DSCF5963-433x650.jpg 433w, https:\/\/kreyden.ch\/wp3\/wp-content\/uploads\/2023\/12\/DSCF5963-220x330.jpg 220w, https:\/\/kreyden.ch\/wp3\/wp-content\/uploads\/2023\/12\/DSCF5963-768x1152.jpg 768w, https:\/\/kreyden.ch\/wp3\/wp-content\/uploads\/2023\/12\/DSCF5963-1024x1536.jpg 1024w, https:\/\/kreyden.ch\/wp3\/wp-content\/uploads\/2023\/12\/DSCF5963.jpg 1365w\" sizes=\"auto, (max-width: 733px) 100vw, 733px\" \/><\/figure>\n\n\n\n<figure class=\"wp-block-image size-large\"><img loading=\"lazy\" decoding=\"async\" width=\"734\" height=\"1100\" data-id=\"5124\" src=\"https:\/\/kreyden.ch\/wp3\/wp-content\/uploads\/2023\/12\/DSCF5951-734x1100.jpg\" alt=\"\" class=\"wp-image-5124\" srcset=\"https:\/\/kreyden.ch\/wp3\/wp-content\/uploads\/2023\/12\/DSCF5951-734x1100.jpg 734w, https:\/\/kreyden.ch\/wp3\/wp-content\/uploads\/2023\/12\/DSCF5951-434x650.jpg 434w, https:\/\/kreyden.ch\/wp3\/wp-content\/uploads\/2023\/12\/DSCF5951-220x330.jpg 220w, https:\/\/kreyden.ch\/wp3\/wp-content\/uploads\/2023\/12\/DSCF5951-768x1151.jpg 768w, https:\/\/kreyden.ch\/wp3\/wp-content\/uploads\/2023\/12\/DSCF5951-1025x1536.jpg 1025w, https:\/\/kreyden.ch\/wp3\/wp-content\/uploads\/2023\/12\/DSCF5951.jpg 1366w\" sizes=\"auto, (max-width: 734px) 100vw, 734px\" \/><\/figure>\n\n\n\n<figure class=\"wp-block-image size-large\"><img loading=\"lazy\" decoding=\"async\" width=\"733\" height=\"1100\" data-id=\"5102\" src=\"https:\/\/kreyden.ch\/wp3\/wp-content\/uploads\/2023\/12\/DSCF6169-733x1100.jpg\" alt=\"\" class=\"wp-image-5102\" srcset=\"https:\/\/kreyden.ch\/wp3\/wp-content\/uploads\/2023\/12\/DSCF6169-733x1100.jpg 733w, https:\/\/kreyden.ch\/wp3\/wp-content\/uploads\/2023\/12\/DSCF6169-433x650.jpg 433w, https:\/\/kreyden.ch\/wp3\/wp-content\/uploads\/2023\/12\/DSCF6169-220x330.jpg 220w, https:\/\/kreyden.ch\/wp3\/wp-content\/uploads\/2023\/12\/DSCF6169-768x1152.jpg 768w, https:\/\/kreyden.ch\/wp3\/wp-content\/uploads\/2023\/12\/DSCF6169-1024x1536.jpg 1024w, https:\/\/kreyden.ch\/wp3\/wp-content\/uploads\/2023\/12\/DSCF6169.jpg 1365w\" sizes=\"auto, (max-width: 733px) 100vw, 733px\" \/><\/figure>\n<\/figure>\n","protected":false},"excerpt":{"rendered":"<p>The first Chemical Peeling Conference CPC Basel 2023 was a great success&#8230; <\/p>\n","protected":false},"author":2,"featured_media":5126,"comment_status":"closed","ping_status":"closed","sticky":true,"template":"","format":"standard","meta":{"_acf_changed":false,"inline_featured_image":false,"footnotes":"","_links_to":"","_links_to_target":""},"categories":[46,18],"tags":[70,75,182,76,193,91,196,192,177,168,178],"class_list":["post-5130","post","type-post","status-publish","format-standard","has-post-thumbnail","hentry","category-fachkurse","category-news","tag-asthetik","tag-asthetische-dermatologie","tag-basel","tag-chemical-peeling","tag-cpc-basel","tag-fortbildung","tag-international-peeling-society","tag-live-peeling","tag-phenol","tag-speaker","tag-tca"],"acf":[],"yoast_head":"<!-- This site is optimized with the Yoast SEO plugin v27.1.1 - https:\/\/yoast.com\/product\/yoast-seo-wordpress\/ -->\n<title>Review CPC Basel 2023 - Praxisklinik Kreyden<\/title>\n<meta name=\"description\" content=\"R\u00fcckblick \u00fcber die 1. Chemical Peeling Conference CPC Basel, mit Vortr\u00e4gen und live Peeling Behandlungen, im Hotel M\u00f6venpick Basel.\" \/>\n<meta name=\"robots\" content=\"index, follow, max-snippet:-1, max-image-preview:large, max-video-preview:-1\" \/>\n<link rel=\"canonical\" href=\"https:\/\/kreyden.ch\/review-of-the-cpc-basel-2023\/\" \/>\n<meta property=\"og:locale\" content=\"en_US\" \/>\n<meta property=\"og:type\" content=\"article\" \/>\n<meta property=\"og:title\" content=\"Review CPC Basel 2023 - Praxisklinik Kreyden\" \/>\n<meta property=\"og:description\" content=\"R\u00fcckblick \u00fcber die 1. Chemical Peeling Conference CPC Basel, mit Vortr\u00e4gen und live Peeling Behandlungen, im Hotel M\u00f6venpick Basel.\" \/>\n<meta property=\"og:url\" content=\"https:\/\/kreyden.ch\/review-of-the-cpc-basel-2023\/\" \/>\n<meta property=\"og:site_name\" content=\"Praxisklinik Kreyden\" \/>\n<meta property=\"article:publisher\" content=\"https:\/\/www.facebook.com\/praxisklinik.kreyden\/\" \/>\n<meta property=\"article:published_time\" content=\"2023-12-12T17:29:58+00:00\" \/>\n<meta property=\"article:modified_time\" content=\"2024-03-21T10:38:34+00:00\" \/>\n<meta property=\"og:image\" content=\"https:\/\/kreyden.ch\/wp3\/wp-content\/uploads\/2023\/12\/DSCF6048-scaled.jpg\" \/>\n\t<meta property=\"og:image:width\" content=\"2560\" \/>\n\t<meta property=\"og:image:height\" content=\"1707\" \/>\n\t<meta property=\"og:image:type\" content=\"image\/jpeg\" \/>\n<meta name=\"author\" content=\"admin-kreyden\" \/>\n<meta name=\"twitter:card\" content=\"summary_large_image\" \/>\n<meta name=\"twitter:label1\" content=\"Written by\" \/>\n\t<meta name=\"twitter:data1\" content=\"admin-kreyden\" \/>\n\t<meta name=\"twitter:label2\" content=\"Est. reading time\" \/>\n\t<meta name=\"twitter:data2\" content=\"6 minutes\" \/>\n<script type=\"application\/ld+json\" class=\"yoast-schema-graph\">{\"@context\":\"https:\/\/schema.org\",\"@graph\":[{\"@type\":\"Article\",\"@id\":\"https:\/\/kreyden.ch\/review-of-the-cpc-basel-2023\/#article\",\"isPartOf\":{\"@id\":\"https:\/\/kreyden.ch\/review-of-the-cpc-basel-2023\/\"},\"author\":{\"name\":\"admin-kreyden\",\"@id\":\"https:\/\/kreyden.ch\/#\/schema\/person\/3ab6eb836b4b23b4bf8c72920c72679a\"},\"headline\":\"Review CPC Basel 2023\",\"datePublished\":\"2023-12-12T17:29:58+00:00\",\"dateModified\":\"2024-03-21T10:38:34+00:00\",\"mainEntityOfPage\":{\"@id\":\"https:\/\/kreyden.ch\/review-of-the-cpc-basel-2023\/\"},\"wordCount\":296,\"publisher\":{\"@id\":\"https:\/\/kreyden.ch\/#organization\"},\"image\":{\"@id\":\"https:\/\/kreyden.ch\/review-of-the-cpc-basel-2023\/#primaryimage\"},\"thumbnailUrl\":\"https:\/\/kreyden.ch\/wp3\/wp-content\/uploads\/2023\/12\/DSCF6048-scaled.jpg\",\"keywords\":[\"\u00c4sthetik\",\"\u00e4sthetische Dermatologie\",\"Basel\",\"Chemical Peeling\",\"CPC Basel\",\"Fortbildung\",\"International Peeling Society\",\"Live Peeling\",\"Phenol\",\"Speaker\",\"TCA\"],\"articleSection\":[\"Fachkurse\",\"News\"],\"inLanguage\":\"en-US\"},{\"@type\":\"WebPage\",\"@id\":\"https:\/\/kreyden.ch\/review-of-the-cpc-basel-2023\/\",\"url\":\"https:\/\/kreyden.ch\/review-of-the-cpc-basel-2023\/\",\"name\":\"Review CPC Basel 2023 - Praxisklinik Kreyden\",\"isPartOf\":{\"@id\":\"https:\/\/kreyden.ch\/#website\"},\"primaryImageOfPage\":{\"@id\":\"https:\/\/kreyden.ch\/review-of-the-cpc-basel-2023\/#primaryimage\"},\"image\":{\"@id\":\"https:\/\/kreyden.ch\/review-of-the-cpc-basel-2023\/#primaryimage\"},\"thumbnailUrl\":\"https:\/\/kreyden.ch\/wp3\/wp-content\/uploads\/2023\/12\/DSCF6048-scaled.jpg\",\"datePublished\":\"2023-12-12T17:29:58+00:00\",\"dateModified\":\"2024-03-21T10:38:34+00:00\",\"description\":\"R\u00fcckblick \u00fcber die 1. Chemical Peeling Conference CPC Basel, mit Vortr\u00e4gen und live Peeling Behandlungen, im Hotel M\u00f6venpick Basel.\",\"breadcrumb\":{\"@id\":\"https:\/\/kreyden.ch\/review-of-the-cpc-basel-2023\/#breadcrumb\"},\"inLanguage\":\"en-US\",\"potentialAction\":[{\"@type\":\"ReadAction\",\"target\":[\"https:\/\/kreyden.ch\/review-of-the-cpc-basel-2023\/\"]}]},{\"@type\":\"ImageObject\",\"inLanguage\":\"en-US\",\"@id\":\"https:\/\/kreyden.ch\/review-of-the-cpc-basel-2023\/#primaryimage\",\"url\":\"https:\/\/kreyden.ch\/wp3\/wp-content\/uploads\/2023\/12\/DSCF6048-scaled.jpg\",\"contentUrl\":\"https:\/\/kreyden.ch\/wp3\/wp-content\/uploads\/2023\/12\/DSCF6048-scaled.jpg\",\"width\":2560,\"height\":1707},{\"@type\":\"BreadcrumbList\",\"@id\":\"https:\/\/kreyden.ch\/review-of-the-cpc-basel-2023\/#breadcrumb\",\"itemListElement\":[{\"@type\":\"ListItem\",\"position\":1,\"name\":\"Startseite\",\"item\":\"https:\/\/kreyden.ch\/en\/\"},{\"@type\":\"ListItem\",\"position\":2,\"name\":\"Review CPC Basel 2023\"}]},{\"@type\":\"WebSite\",\"@id\":\"https:\/\/kreyden.ch\/#website\",\"url\":\"https:\/\/kreyden.ch\/\",\"name\":\"Praxisklinik Kreyden\",\"description\":\"Dermatologie, Dermatochirurgie, Lasermedizin, \u00c4sthetik\",\"publisher\":{\"@id\":\"https:\/\/kreyden.ch\/#organization\"},\"potentialAction\":[{\"@type\":\"SearchAction\",\"target\":{\"@type\":\"EntryPoint\",\"urlTemplate\":\"https:\/\/kreyden.ch\/?s={search_term_string}\"},\"query-input\":{\"@type\":\"PropertyValueSpecification\",\"valueRequired\":true,\"valueName\":\"search_term_string\"}}],\"inLanguage\":\"en-US\"},{\"@type\":\"Organization\",\"@id\":\"https:\/\/kreyden.ch\/#organization\",\"name\":\"Praxisklinik Kreyden\",\"url\":\"https:\/\/kreyden.ch\/\",\"logo\":{\"@type\":\"ImageObject\",\"inLanguage\":\"en-US\",\"@id\":\"https:\/\/kreyden.ch\/#\/schema\/logo\/image\/\",\"url\":\"https:\/\/kreyden.ch\/wp3\/wp-content\/uploads\/2018\/03\/Bildschirmfoto-2018-03-11-um-16.56.13.png\",\"contentUrl\":\"https:\/\/kreyden.ch\/wp3\/wp-content\/uploads\/2018\/03\/Bildschirmfoto-2018-03-11-um-16.56.13.png\",\"width\":337,\"height\":86,\"caption\":\"Praxisklinik Kreyden\"},\"image\":{\"@id\":\"https:\/\/kreyden.ch\/#\/schema\/logo\/image\/\"},\"sameAs\":[\"https:\/\/www.facebook.com\/praxisklinik.kreyden\/\",\"https:\/\/www.instagram.com\/praxisklinikkreyden\/\"]},{\"@type\":\"Person\",\"@id\":\"https:\/\/kreyden.ch\/#\/schema\/person\/3ab6eb836b4b23b4bf8c72920c72679a\",\"name\":\"admin-kreyden\",\"image\":{\"@type\":\"ImageObject\",\"inLanguage\":\"en-US\",\"@id\":\"https:\/\/kreyden.ch\/#\/schema\/person\/image\/\",\"url\":\"https:\/\/secure.gravatar.com\/avatar\/ec6795baed4a94ee539b4a7797d7b602a92b243c4fca2615740e899a9096cf47?s=96&d=mm&r=g\",\"contentUrl\":\"https:\/\/secure.gravatar.com\/avatar\/ec6795baed4a94ee539b4a7797d7b602a92b243c4fca2615740e899a9096cf47?s=96&d=mm&r=g\",\"caption\":\"admin-kreyden\"}}]}<\/script>\n<!-- \/ Yoast SEO plugin. -->","yoast_head_json":{"title":"Review CPC Basel 2023 - Praxisklinik Kreyden","description":"R\u00fcckblick \u00fcber die 1. Chemical Peeling Conference CPC Basel, mit Vortr\u00e4gen und live Peeling Behandlungen, im Hotel M\u00f6venpick Basel.","robots":{"index":"index","follow":"follow","max-snippet":"max-snippet:-1","max-image-preview":"max-image-preview:large","max-video-preview":"max-video-preview:-1"},"canonical":"https:\/\/kreyden.ch\/review-of-the-cpc-basel-2023\/","og_locale":"en_US","og_type":"article","og_title":"Review CPC Basel 2023 - Praxisklinik Kreyden","og_description":"R\u00fcckblick \u00fcber die 1. Chemical Peeling Conference CPC Basel, mit Vortr\u00e4gen und live Peeling Behandlungen, im Hotel M\u00f6venpick Basel.","og_url":"https:\/\/kreyden.ch\/review-of-the-cpc-basel-2023\/","og_site_name":"Praxisklinik Kreyden","article_publisher":"https:\/\/www.facebook.com\/praxisklinik.kreyden\/","article_published_time":"2023-12-12T17:29:58+00:00","article_modified_time":"2024-03-21T10:38:34+00:00","og_image":[{"width":2560,"height":1707,"url":"https:\/\/kreyden.ch\/wp3\/wp-content\/uploads\/2023\/12\/DSCF6048-scaled.jpg","type":"image\/jpeg"}],"author":"admin-kreyden","twitter_card":"summary_large_image","twitter_misc":{"Written by":"admin-kreyden","Est. reading time":"6 minutes"},"schema":{"@context":"https:\/\/schema.org","@graph":[{"@type":"Article","@id":"https:\/\/kreyden.ch\/review-of-the-cpc-basel-2023\/#article","isPartOf":{"@id":"https:\/\/kreyden.ch\/review-of-the-cpc-basel-2023\/"},"author":{"name":"admin-kreyden","@id":"https:\/\/kreyden.ch\/#\/schema\/person\/3ab6eb836b4b23b4bf8c72920c72679a"},"headline":"Review CPC Basel 2023","datePublished":"2023-12-12T17:29:58+00:00","dateModified":"2024-03-21T10:38:34+00:00","mainEntityOfPage":{"@id":"https:\/\/kreyden.ch\/review-of-the-cpc-basel-2023\/"},"wordCount":296,"publisher":{"@id":"https:\/\/kreyden.ch\/#organization"},"image":{"@id":"https:\/\/kreyden.ch\/review-of-the-cpc-basel-2023\/#primaryimage"},"thumbnailUrl":"https:\/\/kreyden.ch\/wp3\/wp-content\/uploads\/2023\/12\/DSCF6048-scaled.jpg","keywords":["\u00c4sthetik","\u00e4sthetische Dermatologie","Basel","Chemical Peeling","CPC Basel","Fortbildung","International Peeling Society","Live Peeling","Phenol","Speaker","TCA"],"articleSection":["Fachkurse","News"],"inLanguage":"en-US"},{"@type":"WebPage","@id":"https:\/\/kreyden.ch\/review-of-the-cpc-basel-2023\/","url":"https:\/\/kreyden.ch\/review-of-the-cpc-basel-2023\/","name":"Review CPC Basel 2023 - Praxisklinik Kreyden","isPartOf":{"@id":"https:\/\/kreyden.ch\/#website"},"primaryImageOfPage":{"@id":"https:\/\/kreyden.ch\/review-of-the-cpc-basel-2023\/#primaryimage"},"image":{"@id":"https:\/\/kreyden.ch\/review-of-the-cpc-basel-2023\/#primaryimage"},"thumbnailUrl":"https:\/\/kreyden.ch\/wp3\/wp-content\/uploads\/2023\/12\/DSCF6048-scaled.jpg","datePublished":"2023-12-12T17:29:58+00:00","dateModified":"2024-03-21T10:38:34+00:00","description":"R\u00fcckblick \u00fcber die 1. Chemical Peeling Conference CPC Basel, mit Vortr\u00e4gen und live Peeling Behandlungen, im Hotel M\u00f6venpick Basel.","breadcrumb":{"@id":"https:\/\/kreyden.ch\/review-of-the-cpc-basel-2023\/#breadcrumb"},"inLanguage":"en-US","potentialAction":[{"@type":"ReadAction","target":["https:\/\/kreyden.ch\/review-of-the-cpc-basel-2023\/"]}]},{"@type":"ImageObject","inLanguage":"en-US","@id":"https:\/\/kreyden.ch\/review-of-the-cpc-basel-2023\/#primaryimage","url":"https:\/\/kreyden.ch\/wp3\/wp-content\/uploads\/2023\/12\/DSCF6048-scaled.jpg","contentUrl":"https:\/\/kreyden.ch\/wp3\/wp-content\/uploads\/2023\/12\/DSCF6048-scaled.jpg","width":2560,"height":1707},{"@type":"BreadcrumbList","@id":"https:\/\/kreyden.ch\/review-of-the-cpc-basel-2023\/#breadcrumb","itemListElement":[{"@type":"ListItem","position":1,"name":"Startseite","item":"https:\/\/kreyden.ch\/en\/"},{"@type":"ListItem","position":2,"name":"Review CPC Basel 2023"}]},{"@type":"WebSite","@id":"https:\/\/kreyden.ch\/#website","url":"https:\/\/kreyden.ch\/","name":"Praxisklinik Kreyden","description":"Dermatologie, Dermatochirurgie, Lasermedizin, \u00c4sthetik","publisher":{"@id":"https:\/\/kreyden.ch\/#organization"},"potentialAction":[{"@type":"SearchAction","target":{"@type":"EntryPoint","urlTemplate":"https:\/\/kreyden.ch\/?s={search_term_string}"},"query-input":{"@type":"PropertyValueSpecification","valueRequired":true,"valueName":"search_term_string"}}],"inLanguage":"en-US"},{"@type":"Organization","@id":"https:\/\/kreyden.ch\/#organization","name":"Praxisklinik Kreyden","url":"https:\/\/kreyden.ch\/","logo":{"@type":"ImageObject","inLanguage":"en-US","@id":"https:\/\/kreyden.ch\/#\/schema\/logo\/image\/","url":"https:\/\/kreyden.ch\/wp3\/wp-content\/uploads\/2018\/03\/Bildschirmfoto-2018-03-11-um-16.56.13.png","contentUrl":"https:\/\/kreyden.ch\/wp3\/wp-content\/uploads\/2018\/03\/Bildschirmfoto-2018-03-11-um-16.56.13.png","width":337,"height":86,"caption":"Praxisklinik Kreyden"},"image":{"@id":"https:\/\/kreyden.ch\/#\/schema\/logo\/image\/"},"sameAs":["https:\/\/www.facebook.com\/praxisklinik.kreyden\/","https:\/\/www.instagram.com\/praxisklinikkreyden\/"]},{"@type":"Person","@id":"https:\/\/kreyden.ch\/#\/schema\/person\/3ab6eb836b4b23b4bf8c72920c72679a","name":"admin-kreyden","image":{"@type":"ImageObject","inLanguage":"en-US","@id":"https:\/\/kreyden.ch\/#\/schema\/person\/image\/","url":"https:\/\/secure.gravatar.com\/avatar\/ec6795baed4a94ee539b4a7797d7b602a92b243c4fca2615740e899a9096cf47?s=96&d=mm&r=g","contentUrl":"https:\/\/secure.gravatar.com\/avatar\/ec6795baed4a94ee539b4a7797d7b602a92b243c4fca2615740e899a9096cf47?s=96&d=mm&r=g","caption":"admin-kreyden"}}]}},"_links":{"self":[{"href":"https:\/\/kreyden.ch\/en\/wp-json\/wp\/v2\/posts\/5130","targetHints":{"allow":["GET"]}}],"collection":[{"href":"https:\/\/kreyden.ch\/en\/wp-json\/wp\/v2\/posts"}],"about":[{"href":"https:\/\/kreyden.ch\/en\/wp-json\/wp\/v2\/types\/post"}],"author":[{"embeddable":true,"href":"https:\/\/kreyden.ch\/en\/wp-json\/wp\/v2\/users\/2"}],"replies":[{"embeddable":true,"href":"https:\/\/kreyden.ch\/en\/wp-json\/wp\/v2\/comments?post=5130"}],"version-history":[{"count":12,"href":"https:\/\/kreyden.ch\/en\/wp-json\/wp\/v2\/posts\/5130\/revisions"}],"predecessor-version":[{"id":5202,"href":"https:\/\/kreyden.ch\/en\/wp-json\/wp\/v2\/posts\/5130\/revisions\/5202"}],"wp:featuredmedia":[{"embeddable":true,"href":"https:\/\/kreyden.ch\/en\/wp-json\/wp\/v2\/media\/5126"}],"wp:attachment":[{"href":"https:\/\/kreyden.ch\/en\/wp-json\/wp\/v2\/media?parent=5130"}],"wp:term":[{"taxonomy":"category","embeddable":true,"href":"https:\/\/kreyden.ch\/en\/wp-json\/wp\/v2\/categories?post=5130"},{"taxonomy":"post_tag","embeddable":true,"href":"https:\/\/kreyden.ch\/en\/wp-json\/wp\/v2\/tags?post=5130"}],"curies":[{"name":"wp","href":"https:\/\/api.w.org\/{rel}","templated":true}]}}